{"id":955,"date":"2025-11-25T13:45:43","date_gmt":"2025-11-25T12:45:43","guid":{"rendered":"https:\/\/illescaslogistica.es\/?p=955"},"modified":"2025-11-25T16:21:09","modified_gmt":"2025-11-25T15:21:09","slug":"masterclass-alejandro-lopaz-teambuilding-otono","status":"publish","type":"post","link":"https:\/\/illescaslogistica.es\/index.php\/2025\/11\/25\/masterclass-alejandro-lopaz-teambuilding-otono\/","title":{"rendered":"Masterclass Alejandro L\u00f3paz Teambuilding Oto\u00f1o"},"content":{"rendered":"\n[et_pb_section fb_built=\u00bb1&#8243; _builder_version=\u00bb4.27.3&#8243; _module_preset=\u00bbdefault\u00bb custom_padding=\u00bb0px||147px|||\u00bb da_disable_devices=\u00bboff|off|off\u00bb global_colors_info=\u00bb{}\u00bb theme_builder_area=\u00bbpost_content\u00bb da_is_popup=\u00bboff\u00bb da_exit_intent=\u00bboff\u00bb da_has_close=\u00bbon\u00bb da_alt_close=\u00bboff\u00bb da_dark_close=\u00bboff\u00bb da_not_modal=\u00bbon\u00bb da_is_singular=\u00bboff\u00bb da_with_loader=\u00bboff\u00bb da_has_shadow=\u00bbon\u00bb][et_pb_row _builder_version=\u00bb4.27.3&#8243; _module_preset=\u00bbdefault\u00bb global_colors_info=\u00bb{}\u00bb theme_builder_area=\u00bbpost_content\u00bb][et_pb_column type=\u00bb4_4&#8243; _builder_version=\u00bb4.27.3&#8243; _module_preset=\u00bbdefault\u00bb global_colors_info=\u00bb{}\u00bb theme_builder_area=\u00bbpost_content\u00bb][et_pb_text _builder_version=\u00bb4.27.4&#8243; _module_preset=\u00bbdefault\u00bb global_colors_info=\u00bb{}\u00bb theme_builder_area=\u00bbpost_content\u00bb hover_enabled=\u00bb0&#8243; sticky_enabled=\u00bb0&#8243;]<p><span>\ud83d\udce2 Este jueves 27 de noviembre en Illescas Log\u00edstica<\/span><\/p>\n<p><span class=\"white-space-pre\"> <\/span>Celebramos una jornada muy especial dedicada al liderazgo, la colaboraci\u00f3n y el crecimiento conjunto.<\/p>\n<p>Contaremos con la MASTERCLASS impartida por<span class=\"white-space-pre\"> <\/span><a href=\"https:\/\/www.linkedin.com\/in\/alejandrolopezroberto\/\" id=\"ember37\" class=\"ember-view\" tabindex=\"0\">Alejandro L\u00f3pez Roberto<\/a>,<span class=\"white-space-pre\"> <\/span><br \/><span class=\"white-space-pre\"> <\/span>\u201cDe la dependencia a la interdependencia\u201d, una sesi\u00f3n creada para reflexionar sobre c\u00f3mo los l\u00edderes actuales deben evolucionar hacia nuevos modelos de cooperaci\u00f3n, m\u00e1s abiertos, conscientes y preparados para los retos del futuro.<\/p>[\/et_pb_text][\/et_pb_column][\/et_pb_row][et_pb_row _builder_version=\u00bb4.27.4&#8243; _module_preset=\u00bbdefault\u00bb global_colors_info=\u00bb{}\u00bb theme_builder_area=\u00bbpost_content\u00bb][et_pb_column type=\u00bb4_4&#8243; _builder_version=\u00bb4.27.4&#8243; _module_preset=\u00bbdefault\u00bb global_colors_info=\u00bb{}\u00bb theme_builder_area=\u00bbpost_content\u00bb][et_pb_video src=\u00bbhttps:\/\/illescaslogistica.es\/wp-content\/uploads\/2025\/11\/De-la-dependencia-a-la-interdependencia-1.mp4&#8243; _builder_version=\u00bb4.27.4&#8243; _module_preset=\u00bbdefault\u00bb global_colors_info=\u00bb{}\u00bb theme_builder_area=\u00bbpost_content\u00bb title_text=\u00bbDe la dependencia a la interdependencia (1)\u00bb hover_enabled=\u00bb0&#8243; sticky_enabled=\u00bb0&#8243;][\/et_pb_video][\/et_pb_column][\/et_pb_row][et_pb_row _builder_version=\u00bb4.27.3&#8243; _module_preset=\u00bbdefault\u00bb global_colors_info=\u00bb{}\u00bb theme_builder_area=\u00bbpost_content\u00bb][et_pb_column type=\u00bb4_4&#8243; _builder_version=\u00bb4.27.3&#8243; _module_preset=\u00bbdefault\u00bb global_colors_info=\u00bb{}\u00bb theme_builder_area=\u00bbpost_content\u00bb][et_pb_text _builder_version=\u00bb4.27.4&#8243; _module_preset=\u00bbdefault\u00bb custom_padding=\u00bb||0px|||\u00bb global_colors_info=\u00bb{}\u00bb theme_builder_area=\u00bbpost_content\u00bb hover_enabled=\u00bb0&#8243; sticky_enabled=\u00bb0&#8243;]<p><span>En<\/span><span class=\"white-space-pre\"> <\/span><a class=\"NSMFYicDXqFhgBtLiIgLACUsCNPHaifjL \" target=\"_self\" href=\"https:\/\/www.linkedin.com\/company\/illescas-logistica\/\" data-test-app-aware-link=\"\" tabindex=\"0\"><span>Illescas Log\u00edstica<\/span><\/a><span class=\"white-space-pre\"> <\/span><span>seguimos apostando por iniciativas que impulsen el desarrollo profesional, el intercambio de ideas y la creaci\u00f3n de entornos de trabajo m\u00e1s colaborativos.<\/span><span><br \/><\/span><span><br \/><\/span><span>\ud83e\udd1d \u00a1Gracias a todas las empresas y team members que nos acompa\u00f1ar\u00e1n en esta jornada de aprendizaje y conexi\u00f3n!<\/span><span><br \/><\/span><span><br \/><\/span><a class=\"NSMFYicDXqFhgBtLiIgLACUsCNPHaifjL \" href=\"https:\/\/www.linkedin.com\/search\/results\/all\/?keywords=%23illescaslog%C3%ADstica&amp;origin=HASH_TAG_FROM_FEED\" data-test-app-aware-link=\"\" tabindex=\"0\"><span><span aria-hidden=\"true\">#<\/span>IllescasLog\u00edstica<\/span><\/a><span class=\"white-space-pre\"> <\/span><a class=\"NSMFYicDXqFhgBtLiIgLACUsCNPHaifjL \" href=\"https:\/\/www.linkedin.com\/search\/results\/all\/?keywords=%23liderazgo&amp;origin=HASH_TAG_FROM_FEED\" data-test-app-aware-link=\"\" tabindex=\"0\"><span class=\"visually-hidden\"><\/span><span><span aria-hidden=\"true\">#<\/span>Liderazgo<\/span><\/a><span class=\"white-space-pre\"> <\/span><a class=\"NSMFYicDXqFhgBtLiIgLACUsCNPHaifjL \" href=\"https:\/\/www.linkedin.com\/search\/results\/all\/?keywords=%23colaboraci%C3%B3n&amp;origin=HASH_TAG_FROM_FEED\" data-test-app-aware-link=\"\" tabindex=\"0\"><span class=\"visually-hidden\"><\/span><span><span aria-hidden=\"true\">#<\/span>Colaboraci\u00f3n<\/span><\/a><span class=\"white-space-pre\"> <\/span><a class=\"NSMFYicDXqFhgBtLiIgLACUsCNPHaifjL \" href=\"https:\/\/www.linkedin.com\/search\/results\/all\/?keywords=%23desarrolloprofesional&amp;origin=HASH_TAG_FROM_FEED\" data-test-app-aware-link=\"\" tabindex=\"0\"><span class=\"visually-hidden\"><\/span><span><span aria-hidden=\"true\">#<\/span>DesarrolloProfesional<\/span><\/a><span class=\"white-space-pre\"> <\/span><a class=\"NSMFYicDXqFhgBtLiIgLACUsCNPHaifjL \" href=\"https:\/\/www.linkedin.com\/search\/results\/all\/?keywords=%23teammembers&amp;origin=HASH_TAG_FROM_FEED\" data-test-app-aware-link=\"\" tabindex=\"0\"><span class=\"visually-hidden\"><\/span><span><span aria-hidden=\"true\">#<\/span>TeamMembers<\/span><\/a><span><br \/><\/span><span>&#8212;<\/span><span><br \/><\/span><span>\ud83d\udce2 This Thursday, November 27th, at Illescas Log\u00edstica<\/span><span><br \/><\/span><span class=\"white-space-pre\"> <\/span><span>We are hosting a special session focused on leadership, collaboration, and collective growth.<\/span><span><br \/><\/span><span><br \/><\/span><span>We will welcome<\/span><span class=\"white-space-pre\"> <\/span><span><a href=\"https:\/\/www.linkedin.com\/in\/alejandrolopezroberto\/\" id=\"ember38\" class=\"ember-view\" tabindex=\"0\">Alejandro L\u00f3pez Roberto<\/a><\/span><span class=\"white-space-pre\"> <\/span><span>for a powerful MASTERCLASS titled: \u201cFrom Dependence to Interdependence\u201d, designed to help leaders reflect on the need to evolve toward new, more collaborative models that are aligned with the challenges of today\u2019s environment.<\/span><span><br \/><\/span><span><br \/><\/span><span>At<\/span><span class=\"white-space-pre\"> <\/span><a class=\"NSMFYicDXqFhgBtLiIgLACUsCNPHaifjL \" target=\"_self\" href=\"https:\/\/www.linkedin.com\/company\/illescas-logistica\/\" data-test-app-aware-link=\"\" tabindex=\"0\"><span>Illescas Log\u00edstica<\/span><\/a><span>, we continue to promote initiatives that foster professional development, knowledge sharing, and stronger, more connected work communities.<\/span><span><br \/><\/span><span><br \/><\/span><span>\ud83e\udd1d Thank you to all the companies and team members joining us for this day of learning and meaningful interaction!<\/span><span><br \/><\/span><a class=\"NSMFYicDXqFhgBtLiIgLACUsCNPHaifjL \" href=\"https:\/\/www.linkedin.com\/search\/results\/all\/?keywords=%23illescaslog%C3%ADstica&amp;origin=HASH_TAG_FROM_FEED\" data-test-app-aware-link=\"\" tabindex=\"0\"><span class=\"visually-hidden\"><\/span><span><span aria-hidden=\"true\">#<\/span>IllescasLog\u00edstica<\/span><\/a><span class=\"white-space-pre\"> <\/span><a class=\"NSMFYicDXqFhgBtLiIgLACUsCNPHaifjL \" href=\"https:\/\/www.linkedin.com\/search\/results\/all\/?keywords=%23leadership&amp;origin=HASH_TAG_FROM_FEED\" data-test-app-aware-link=\"\" tabindex=\"0\"><span class=\"visually-hidden\"><\/span><span><span aria-hidden=\"true\">#<\/span>Leadership<\/span><\/a><span class=\"white-space-pre\"> <\/span><a class=\"NSMFYicDXqFhgBtLiIgLACUsCNPHaifjL \" href=\"https:\/\/www.linkedin.com\/search\/results\/all\/?keywords=%23collaboration&amp;origin=HASH_TAG_FROM_FEED\" data-test-app-aware-link=\"\" tabindex=\"0\"><span class=\"visually-hidden\"><\/span><span><span aria-hidden=\"true\">#<\/span>Collaboration<\/span><\/a><span class=\"white-space-pre\"> <\/span><a class=\"NSMFYicDXqFhgBtLiIgLACUsCNPHaifjL \" href=\"https:\/\/www.linkedin.com\/search\/results\/all\/?keywords=%23professionaldevelopment&amp;origin=HASH_TAG_FROM_FEED\" data-test-app-aware-link=\"\" tabindex=\"0\"><span class=\"visually-hidden\"><\/span><span><span aria-hidden=\"true\">#<\/span>ProfessionalDevelopment<\/span><\/a><span class=\"white-space-pre\"> <\/span><a class=\"NSMFYicDXqFhgBtLiIgLACUsCNPHaifjL \" href=\"https:\/\/www.linkedin.com\/search\/results\/all\/?keywords=%23teammembers&amp;origin=HASH_TAG_FROM_FEED\" data-test-app-aware-link=\"\" tabindex=\"0\"><span class=\"visually-hidden\"><\/span><span><span aria-hidden=\"true\">#<\/span>TeamMembers<\/span><\/a><\/p>[\/et_pb_text][\/et_pb_column][\/et_pb_row][\/et_pb_section]\n","protected":false},"excerpt":{"rendered":"<p>\ud83d\udce2 Este jueves 27 de noviembre en Illescas Log\u00edstica Celebramos una jornada muy especial dedicada al liderazgo, la colaboraci\u00f3n y el crecimiento conjunto. Contaremos con la MASTERCLASS impartida por Alejandro L\u00f3pez Roberto, \u201cDe la dependencia a la interdependencia\u201d, una sesi\u00f3n creada para reflexionar sobre c\u00f3mo los l\u00edderes actuales deben evolucionar hacia nuevos modelos de cooperaci\u00f3n, [&hellip;]<\/p>\n","protected":false},"author":2,"featured_media":967,"comment_status":"closed","ping_status":"open","sticky":false,"template":"","format":"standard","meta":{"_et_pb_use_builder":"on","_et_pb_old_content":"","_et_gb_content_width":"","footnotes":""},"categories":[31],"tags":[],"class_list":["post-955","post","type-post","status-publish","format-standard","has-post-thumbnail","hentry","category-noticias"],"_links":{"self":[{"href":"https:\/\/illescaslogistica.es\/index.php\/wp-json\/wp\/v2\/posts\/955","targetHints":{"allow":["GET"]}}],"collection":[{"href":"https:\/\/illescaslogistica.es\/index.php\/wp-json\/wp\/v2\/posts"}],"about":[{"href":"https:\/\/illescaslogistica.es\/index.php\/wp-json\/wp\/v2\/types\/post"}],"author":[{"embeddable":true,"href":"https:\/\/illescaslogistica.es\/index.php\/wp-json\/wp\/v2\/users\/2"}],"replies":[{"embeddable":true,"href":"https:\/\/illescaslogistica.es\/index.php\/wp-json\/wp\/v2\/comments?post=955"}],"version-history":[{"count":3,"href":"https:\/\/illescaslogistica.es\/index.php\/wp-json\/wp\/v2\/posts\/955\/revisions"}],"predecessor-version":[{"id":968,"href":"https:\/\/illescaslogistica.es\/index.php\/wp-json\/wp\/v2\/posts\/955\/revisions\/968"}],"wp:featuredmedia":[{"embeddable":true,"href":"https:\/\/illescaslogistica.es\/index.php\/wp-json\/wp\/v2\/media\/967"}],"wp:attachment":[{"href":"https:\/\/illescaslogistica.es\/index.php\/wp-json\/wp\/v2\/media?parent=955"}],"wp:term":[{"taxonomy":"category","embeddable":true,"href":"https:\/\/illescaslogistica.es\/index.php\/wp-json\/wp\/v2\/categories?post=955"},{"taxonomy":"post_tag","embeddable":true,"href":"https:\/\/illescaslogistica.es\/index.php\/wp-json\/wp\/v2\/tags?post=955"}],"curies":[{"name":"wp","href":"https:\/\/api.w.org\/{rel}","templated":true}]}}