{"id":960,"date":"2025-11-25T16:19:44","date_gmt":"2025-11-25T15:19:44","guid":{"rendered":"https:\/\/illescaslogistica.es\/?p=960"},"modified":"2025-11-25T16:19:44","modified_gmt":"2025-11-25T15:19:44","slug":"cata-vinos-teambuilding-otono","status":"publish","type":"post","link":"https:\/\/illescaslogistica.es\/index.php\/2025\/11\/25\/cata-vinos-teambuilding-otono\/","title":{"rendered":"Cata Vinos Teambuilding Oto\u00f1o"},"content":{"rendered":"\n[et_pb_section fb_built=\u00bb1&#8243; _builder_version=\u00bb4.27.3&#8243; _module_preset=\u00bbdefault\u00bb custom_padding=\u00bb0px||147px|||\u00bb da_disable_devices=\u00bboff|off|off\u00bb global_colors_info=\u00bb{}\u00bb theme_builder_area=\u00bbpost_content\u00bb da_is_popup=\u00bboff\u00bb da_exit_intent=\u00bboff\u00bb da_has_close=\u00bbon\u00bb da_alt_close=\u00bboff\u00bb da_dark_close=\u00bboff\u00bb da_not_modal=\u00bbon\u00bb da_is_singular=\u00bboff\u00bb da_with_loader=\u00bboff\u00bb da_has_shadow=\u00bbon\u00bb][et_pb_row _builder_version=\u00bb4.27.3&#8243; _module_preset=\u00bbdefault\u00bb global_colors_info=\u00bb{}\u00bb theme_builder_area=\u00bbpost_content\u00bb][et_pb_column type=\u00bb4_4&#8243; _builder_version=\u00bb4.27.3&#8243; _module_preset=\u00bbdefault\u00bb global_colors_info=\u00bb{}\u00bb theme_builder_area=\u00bbpost_content\u00bb][et_pb_text _builder_version=\u00bb4.27.4&#8243; _module_preset=\u00bbdefault\u00bb hover_enabled=\u00bb0&#8243; global_colors_info=\u00bb{}\u00bb theme_builder_area=\u00bbpost_content\u00bb sticky_enabled=\u00bb0&#8243;]<p><span>\ud83c\udf77 Este jueves 27 de noviembre en Illescas Log\u00edstica<\/span><span><br \/><\/span><span><br \/><\/span><span>Dentro de nuestro<\/span><span><span aria-hidden=\"true\">\u00a0 <\/span><\/span><a class=\"NSMFYicDXqFhgBtLiIgLACUsCNPHaifjL \" href=\"https:\/\/www.linkedin.com\/search\/results\/all\/?keywords=%23teambuilding&amp;origin=HASH_TAG_FROM_FEED\" data-test-app-aware-link=\"\" tabindex=\"0\"><span><span aria-hidden=\"true\">#<\/span>Teambuilding<\/span><\/a><span class=\"white-space-pre\"> <\/span><span>de Oto\u00f1o, celebraremos una cata de vinos de Castilla-La Mancha, una experiencia pensada para poner en valor la riqueza enol\u00f3gica de nuestra regi\u00f3n y fortalecer los lazos entre nuestras empresas y<\/span><span class=\"white-space-pre\"> <\/span><a class=\"NSMFYicDXqFhgBtLiIgLACUsCNPHaifjL \" href=\"https:\/\/www.linkedin.com\/search\/results\/all\/?keywords=%23teammembers&amp;origin=HASH_TAG_FROM_FEED\" data-test-app-aware-link=\"\" tabindex=\"0\"><span><span aria-hidden=\"true\">#<\/span>TeamMembers<\/span><\/a><span>.<\/span><span><br \/><\/span><span><br \/><\/span><span>Ser\u00e1 una ocasi\u00f3n perfecta para disfrutar de un momento distendido, descubrir nuevos matices y continuar construyendo un esp\u00edritu de colaboraci\u00f3n dentro de nuestro ecosistema log\u00edstico.<\/span><span><br \/><\/span><span><br \/><\/span><span>\ud83e\udd1d \u00a1Estamos deseando compartir esta experiencia con todos vosotros!<\/span><span><br \/><\/span><span><br \/><\/span><a class=\"NSMFYicDXqFhgBtLiIgLACUsCNPHaifjL \" href=\"https:\/\/www.linkedin.com\/search\/results\/all\/?keywords=%23illescaslog%C3%ADstica&amp;origin=HASH_TAG_FROM_FEED\" data-test-app-aware-link=\"\" tabindex=\"0\"><span><span aria-hidden=\"true\">#<\/span>IllescasLog\u00edstica<\/span><\/a><span class=\"white-space-pre\"> <\/span><a class=\"NSMFYicDXqFhgBtLiIgLACUsCNPHaifjL \" href=\"https:\/\/www.linkedin.com\/search\/results\/all\/?keywords=%23teambuildingoto%C3%B1o&amp;origin=HASH_TAG_FROM_FEED\" data-test-app-aware-link=\"\" tabindex=\"0\"><span><span aria-hidden=\"true\">#<\/span>TeambuildingOto\u00f1o<\/span><\/a><span class=\"white-space-pre\"> <\/span><a class=\"NSMFYicDXqFhgBtLiIgLACUsCNPHaifjL \" href=\"https:\/\/www.linkedin.com\/search\/results\/all\/?keywords=%23catadevinos&amp;origin=HASH_TAG_FROM_FEED\" data-test-app-aware-link=\"\" tabindex=\"0\"><span><span aria-hidden=\"true\">#<\/span>CataDeVinos<\/span><\/a><span class=\"white-space-pre\"> <\/span><a class=\"NSMFYicDXqFhgBtLiIgLACUsCNPHaifjL \" href=\"https:\/\/www.linkedin.com\/search\/results\/all\/?keywords=%23castillalamancha&amp;origin=HASH_TAG_FROM_FEED\" data-test-app-aware-link=\"\" tabindex=\"0\"><span><span aria-hidden=\"true\">#<\/span>CastillaLaMancha<\/span><\/a><span class=\"white-space-pre\"> <\/span><a class=\"NSMFYicDXqFhgBtLiIgLACUsCNPHaifjL \" href=\"https:\/\/www.linkedin.com\/search\/results\/all\/?keywords=%23networking&amp;origin=HASH_TAG_FROM_FEED\" data-test-app-aware-link=\"\" tabindex=\"0\"><span><span aria-hidden=\"true\">#<\/span>Networking<\/span><\/a><span class=\"white-space-pre\"> <\/span><a class=\"NSMFYicDXqFhgBtLiIgLACUsCNPHaifjL \" href=\"https:\/\/www.linkedin.com\/search\/results\/all\/?keywords=%23comunidadempresarial&amp;origin=HASH_TAG_FROM_FEED\" data-test-app-aware-link=\"\" tabindex=\"0\"><span><span aria-hidden=\"true\">#<\/span>ComunidadEmpresarial<\/span><\/a><\/p>[\/et_pb_text][\/et_pb_column][\/et_pb_row][et_pb_row _builder_version=\u00bb4.27.4&#8243; _module_preset=\u00bbdefault\u00bb global_colors_info=\u00bb{}\u00bb theme_builder_area=\u00bbpost_content\u00bb][et_pb_column type=\u00bb4_4&#8243; _builder_version=\u00bb4.27.4&#8243; _module_preset=\u00bbdefault\u00bb global_colors_info=\u00bb{}\u00bb theme_builder_area=\u00bbpost_content\u00bb][et_pb_video src=\u00bbhttps:\/\/illescaslogistica.es\/wp-content\/uploads\/2025\/11\/Cata-de-vinos-1.mp4&#8243; _builder_version=\u00bb4.27.4&#8243; _module_preset=\u00bbdefault\u00bb hover_enabled=\u00bb0&#8243; global_colors_info=\u00bb{}\u00bb theme_builder_area=\u00bbpost_content\u00bb title_text=\u00bbCata de vinos (1)\u00bb sticky_enabled=\u00bb0&#8243;][\/et_pb_video][\/et_pb_column][\/et_pb_row][et_pb_row _builder_version=\u00bb4.27.3&#8243; _module_preset=\u00bbdefault\u00bb global_colors_info=\u00bb{}\u00bb theme_builder_area=\u00bbpost_content\u00bb][et_pb_column type=\u00bb4_4&#8243; _builder_version=\u00bb4.27.3&#8243; _module_preset=\u00bbdefault\u00bb global_colors_info=\u00bb{}\u00bb theme_builder_area=\u00bbpost_content\u00bb][et_pb_text _builder_version=\u00bb4.27.4&#8243; _module_preset=\u00bbdefault\u00bb custom_padding=\u00bb||0px|||\u00bb hover_enabled=\u00bb0&#8243; global_colors_info=\u00bb{}\u00bb theme_builder_area=\u00bbpost_content\u00bb sticky_enabled=\u00bb0&#8243;]<p><span>\ud83c\udf77 This Thursday, November 27th at Illescas Log\u00edstica<\/span><span><br \/><\/span><span><br \/><\/span><span>As part of our Autumn Teambuilding event, we will be hosting a Castilla-La Mancha wine tasting, an experience designed to highlight the rich winemaking tradition of our region and strengthen connections among our companies and team members.<\/span><span><br \/><\/span><span><br \/><\/span><span>It will be a perfect opportunity to enjoy a relaxed moment together, discover new flavors, and continue building a strong spirit of collaboration within our logistics ecosystem.<\/span><span><br \/><\/span><span><br \/><\/span><span>\ud83e\udd1d We look forward to sharing this experience with all of you!<\/span><span><br \/><\/span><span><br \/><\/span><a class=\"NSMFYicDXqFhgBtLiIgLACUsCNPHaifjL \" href=\"https:\/\/www.linkedin.com\/search\/results\/all\/?keywords=%23illescaslog%C3%ADstica&amp;origin=HASH_TAG_FROM_FEED\" data-test-app-aware-link=\"\" tabindex=\"0\"><span><span aria-hidden=\"true\">#<\/span>IllescasLog\u00edstica<\/span><\/a><span class=\"white-space-pre\"> <\/span><a class=\"NSMFYicDXqFhgBtLiIgLACUsCNPHaifjL \" href=\"https:\/\/www.linkedin.com\/search\/results\/all\/?keywords=%23autumnteambuilding&amp;origin=HASH_TAG_FROM_FEED\" data-test-app-aware-link=\"\" tabindex=\"0\"><span><span aria-hidden=\"true\">#<\/span>AutumnTeambuilding<\/span><\/a><span class=\"white-space-pre\"> <\/span><a class=\"NSMFYicDXqFhgBtLiIgLACUsCNPHaifjL \" href=\"https:\/\/www.linkedin.com\/search\/results\/all\/?keywords=%23winetasting&amp;origin=HASH_TAG_FROM_FEED\" data-test-app-aware-link=\"\" tabindex=\"0\"><span><span aria-hidden=\"true\">#<\/span>WineTasting<\/span><\/a><span class=\"white-space-pre\"> <\/span><a class=\"NSMFYicDXqFhgBtLiIgLACUsCNPHaifjL \" href=\"https:\/\/www.linkedin.com\/search\/results\/all\/?keywords=%23castillalamancha&amp;origin=HASH_TAG_FROM_FEED\" data-test-app-aware-link=\"\" tabindex=\"0\"><span><span aria-hidden=\"true\">#<\/span>CastillaLaMancha<\/span><\/a><span class=\"white-space-pre\"> <\/span><span><br \/><\/span><a class=\"NSMFYicDXqFhgBtLiIgLACUsCNPHaifjL \" href=\"https:\/\/www.linkedin.com\/search\/results\/all\/?keywords=%23networking&amp;origin=HASH_TAG_FROM_FEED\" data-test-app-aware-link=\"\" tabindex=\"0\"><span><span aria-hidden=\"true\">#<\/span>Networking<\/span><\/a><span class=\"white-space-pre\"> <\/span><a class=\"NSMFYicDXqFhgBtLiIgLACUsCNPHaifjL \" href=\"https:\/\/www.linkedin.com\/search\/results\/all\/?keywords=%23businesscommunity&amp;origin=HASH_TAG_FROM_FEED\" data-test-app-aware-link=\"\" tabindex=\"0\"><span><span aria-hidden=\"true\">#<\/span>BusinessCommunity<\/span><\/a><\/p>[\/et_pb_text][\/et_pb_column][\/et_pb_row][\/et_pb_section]\n","protected":false},"excerpt":{"rendered":"<p>\ud83c\udf77 Este jueves 27 de noviembre en Illescas Log\u00edsticaDentro de nuestro\u00a0 #Teambuilding de Oto\u00f1o, celebraremos una cata de vinos de Castilla-La Mancha, una experiencia pensada para poner en valor la riqueza enol\u00f3gica de nuestra regi\u00f3n y fortalecer los lazos entre nuestras empresas y #TeamMembers.Ser\u00e1 una ocasi\u00f3n perfecta para disfrutar de un momento distendido, descubrir nuevos [&hellip;]<\/p>\n","protected":false},"author":2,"featured_media":965,"comment_status":"open","ping_status":"open","sticky":false,"template":"","format":"standard","meta":{"_et_pb_use_builder":"on","_et_pb_old_content":"","_et_gb_content_width":"","footnotes":""},"categories":[31],"tags":[],"class_list":["post-960","post","type-post","status-publish","format-standard","has-post-thumbnail","hentry","category-noticias"],"_links":{"self":[{"href":"https:\/\/illescaslogistica.es\/index.php\/wp-json\/wp\/v2\/posts\/960","targetHints":{"allow":["GET"]}}],"collection":[{"href":"https:\/\/illescaslogistica.es\/index.php\/wp-json\/wp\/v2\/posts"}],"about":[{"href":"https:\/\/illescaslogistica.es\/index.php\/wp-json\/wp\/v2\/types\/post"}],"author":[{"embeddable":true,"href":"https:\/\/illescaslogistica.es\/index.php\/wp-json\/wp\/v2\/users\/2"}],"replies":[{"embeddable":true,"href":"https:\/\/illescaslogistica.es\/index.php\/wp-json\/wp\/v2\/comments?post=960"}],"version-history":[{"count":3,"href":"https:\/\/illescaslogistica.es\/index.php\/wp-json\/wp\/v2\/posts\/960\/revisions"}],"predecessor-version":[{"id":966,"href":"https:\/\/illescaslogistica.es\/index.php\/wp-json\/wp\/v2\/posts\/960\/revisions\/966"}],"wp:featuredmedia":[{"embeddable":true,"href":"https:\/\/illescaslogistica.es\/index.php\/wp-json\/wp\/v2\/media\/965"}],"wp:attachment":[{"href":"https:\/\/illescaslogistica.es\/index.php\/wp-json\/wp\/v2\/media?parent=960"}],"wp:term":[{"taxonomy":"category","embeddable":true,"href":"https:\/\/illescaslogistica.es\/index.php\/wp-json\/wp\/v2\/categories?post=960"},{"taxonomy":"post_tag","embeddable":true,"href":"https:\/\/illescaslogistica.es\/index.php\/wp-json\/wp\/v2\/tags?post=960"}],"curies":[{"name":"wp","href":"https:\/\/api.w.org\/{rel}","templated":true}]}}